{"id":2124,"date":"2011-12-20T12:44:03","date_gmt":"2011-12-20T10:44:03","guid":{"rendered":"http:\/\/www.poesianne.net\/?p=2124"},"modified":"2012-03-19T23:16:37","modified_gmt":"2012-03-19T21:16:37","slug":"intemporis-3","status":"publish","type":"post","link":"http:\/\/www.poesianne.net\/?p=2124","title":{"rendered":"Intemporis"},"content":{"rendered":"<p style=\"text-align: center;\"><a href=\"http:\/\/www.poesianne.net\/archives\/2124\/p1000286-1\" rel=\"attachment wp-att-2146\"><img loading=\"lazy\" class=\"alignnone  wp-image-2146\" title=\"P1000286 (1)\" src=\"http:\/\/www.poesianne.net\/wp-content\/uploads\/2011\/12\/P1000286-1-300x297.jpg\" alt=\"\" width=\"362\" height=\"339\" \/><\/a>\u00a0<\/p>\n<p>&nbsp;<\/p>\n<p style=\"text-align: center;\" align=\"center\"><span style=\"color: #583c85; font-size: medium;\"><em>Intemporis<\/em><\/span><\/p>\n<p style=\"text-align: center;\" align=\"center\">\u00a0<\/p>\n<p style=\"text-align: center;\" align=\"center\"><span style=\"color: #583c85; font-size: medium;\">Soudain \u00e9clot un univers\u00a0 intemporel<\/span><\/p>\n<p style=\"text-align: center;\" align=\"center\"><span style=\"color: #583c85; font-size: medium;\">Les \u00e9l\u00e9ments dans le silence se meuvent.<\/span><\/p>\n<p style=\"text-align: center;\" align=\"center\"><span style=\"color: #583c85; font-size: medium;\">\u00a0Particules l\u00e9g\u00e8res enlac\u00e9es par le temps<\/span><\/p>\n<p style=\"text-align: center;\"><span style=\"color: #583c85; font-size: medium;\">L\u2019\u00e9ternit\u00e9 s\u2019\u00e9coule en un long fleuve.<\/span><\/p>\n<p style=\"text-align: center;\"><span style=\"color: #583c85; font-size: medium;\">\u00a0<\/span><\/p>\n<p style=\"text-align: center;\" align=\"center\"><span style=\"color: #583c85; font-size: medium;\">Comme\u00a0 happ\u00e9s par une\u00a0 ronde vague,<\/span><\/p>\n<p style=\"text-align: center;\" align=\"center\"><span style=\"color: #583c85; font-size: medium;\">L\u2019esprit se pose, va, vient et se transporte<\/span><\/p>\n<p style=\"text-align: center;\" align=\"center\"><span style=\"color: #583c85; font-size: medium;\">Franchit le cercle\u00a0 et glisse dans la bague.<\/span><\/p>\n<p style=\"text-align: center;\" align=\"center\"><span style=\"color: #583c85; font-size: medium;\">L\u2019\u0153uvre\u00a0 l\u2019accueille\u00a0 et ouvre sa porte.<\/span><\/p>\n<p style=\"text-align: center;\" align=\"center\"><span style=\"color: #583c85; font-size: medium;\">\u00a0<\/span><\/p>\n<p style=\"text-align: center;\" align=\"center\"><span style=\"color: #583c85; font-size: medium;\">Le regard lib\u00e9r\u00e9\u00a0 ancr\u00e9 \u00e0 l\u2019int\u00e9rieur<\/span><\/p>\n<p style=\"text-align: center;\" align=\"center\"><span style=\"color: #583c85; font-size: medium;\">Emulsionne les pens\u00e9es sensorielles<\/span><\/p>\n<p style=\"text-align: center;\" align=\"center\"><span style=\"color: #583c85; font-size: medium;\">Jaillit un \u00e9den\u00a0 \u00e0 l\u00a0\u2018odorante couleur<\/span><\/p>\n<p style=\"text-align: center;\" align=\"center\"><span style=\"color: #583c85; font-size: medium;\">Balay\u00e9 par un vent d\u2019\u00e9motions r\u00e9elles.<\/span><\/p>\n<p style=\"text-align: center;\" align=\"center\"><span style=\"color: #583c85; font-size: medium;\">\u00a0<\/span><\/p>\n<p style=\"text-align: center;\" align=\"center\"><span style=\"color: #583c85; font-size: medium;\">S\u2019\u00e9veille en chacun un monde personnel<\/span><\/p>\n<p style=\"text-align: center;\" align=\"center\"><span style=\"color: #583c85; font-size: medium;\">Les reflets, les ombres sur la toile dansent<\/span><\/p>\n<p style=\"text-align: center;\" align=\"center\"><span style=\"color: #583c85; font-size: medium;\">Vertige baign\u00e9 d\u2019un reflux irrationnel<\/span><\/p>\n<p style=\"text-align: center;\" align=\"center\"><span style=\"color: #583c85; font-size: medium;\">Qui transcende l\u2019\u00e2me et sa quintessence<\/span><\/p>\n<p style=\"text-align: center;\" align=\"center\"><span style=\"color: #583c85;\">\u00a0<\/span><\/p>\n","protected":false},"excerpt":{"rendered":"<p>\u00a0 &nbsp; Intemporis \u00a0 Soudain \u00e9clot un univers\u00a0 intemporel Les \u00e9l\u00e9ments dans le silence se meuvent. \u00a0Particules l\u00e9g\u00e8res enlac\u00e9es par le temps L\u2019\u00e9ternit\u00e9 s\u2019\u00e9coule en un long fleuve. \u00a0 Comme\u00a0 happ\u00e9s par une\u00a0 ronde vague, L\u2019esprit se pose, va, vient et se transporte Franchit le cercle\u00a0 et glisse dans la bague. L\u2019\u0153uvre\u00a0 l\u2019accueille\u00a0 et ouvre [&hellip;]<\/p>\n","protected":false},"author":1,"featured_media":0,"comment_status":"closed","ping_status":"closed","sticky":false,"template":"","format":"standard","meta":[],"categories":[],"tags":[],"_links":{"self":[{"href":"http:\/\/www.poesianne.net\/index.php?rest_route=\/wp\/v2\/posts\/2124"}],"collection":[{"href":"http:\/\/www.poesianne.net\/index.php?rest_route=\/wp\/v2\/posts"}],"about":[{"href":"http:\/\/www.poesianne.net\/index.php?rest_route=\/wp\/v2\/types\/post"}],"author":[{"embeddable":true,"href":"http:\/\/www.poesianne.net\/index.php?rest_route=\/wp\/v2\/users\/1"}],"replies":[{"embeddable":true,"href":"http:\/\/www.poesianne.net\/index.php?rest_route=%2Fwp%2Fv2%2Fcomments&post=2124"}],"version-history":[{"count":13,"href":"http:\/\/www.poesianne.net\/index.php?rest_route=\/wp\/v2\/posts\/2124\/revisions"}],"predecessor-version":[{"id":2133,"href":"http:\/\/www.poesianne.net\/index.php?rest_route=\/wp\/v2\/posts\/2124\/revisions\/2133"}],"wp:attachment":[{"href":"http:\/\/www.poesianne.net\/index.php?rest_route=%2Fwp%2Fv2%2Fmedia&parent=2124"}],"wp:term":[{"taxonomy":"category","embeddable":true,"href":"http:\/\/www.poesianne.net\/index.php?rest_route=%2Fwp%2Fv2%2Fcategories&post=2124"},{"taxonomy":"post_tag","embeddable":true,"href":"http:\/\/www.poesianne.net\/index.php?rest_route=%2Fwp%2Fv2%2Ftags&post=2124"}],"curies":[{"name":"wp","href":"https:\/\/api.w.org\/{rel}","templated":true}]}}